{"id":368,"date":"2021-04-18T12:20:00","date_gmt":"2021-04-18T11:20:00","guid":{"rendered":"https:\/\/greece.fashionrevolution.org\/?p=368"},"modified":"2022-01-28T14:43:28","modified_gmt":"2022-01-28T14:43:28","slug":"relaunch-podcast-we-are-fashion-revolution","status":"publish","type":"post","link":"https:\/\/greece.fashionrevolution.org\/gr\/2021\/04\/18\/relaunch-podcast-we-are-fashion-revolution\/","title":{"rendered":"relaunch podcast: we are fashion revolution"},"content":{"rendered":"<div class=\"wp-block-image\"><figure class=\"aligncenter size-full\"><img decoding=\"async\" src=\"https:\/\/greece.fashionrevolution.org\/wp-content\/uploads\/sites\/25\/2021\/12\/WE-ARE-FASHION-REVOLUTION-1.jpeg\" alt=\"\" class=\"wp-image-369\" \/><\/figure><\/div>\n\n\n\n<h3 class=\"has-text-align-center wp-block-heading\">P\u00fcnktlich zur Fashion Revolution Week 2021 legen wir unseren Podcast WE ARE FASHION REVOLUTION neu auf. In der ersten Folge zum Thema Made in Bangladesh \u2013 Wie nachhaltig ist die Textilindustrie 8 Jahre nach Rana Plaza? sprechen wir \u00fcber die Stunde Null der globalen Fair-Fashion-Revolution.<\/h3>\n\n\n\n<p>P\u00fcnktlich zur Fashion Revolution Week 2021 legen wir unseren Podcast&nbsp;<a href=\"https:\/\/open.spotify.com\/episode\/5WiVWxEEAbUbnpUdB24UOB\">WE ARE FASHION REVOLUTION<\/a>&nbsp;neu auf.&nbsp;In der ersten Folge zum Thema&nbsp;<em>Made in Bangladesh \u2013 Wie nachhaltig ist die Textilindustrie 8 Jahre nach Rana Plaza?<\/em>&nbsp;sprechen wir \u00fcber die Stunde Null der globalen Fair-Fashion-Revolution. Die Rana-Plaza-Katastrophe in Bangladesch war der bisher gr\u00f6\u00dfte Unfall in der internationalen Textilindustrie. Dabei starben mehr als 1.100 Menschen, 2.500 wurden verletzt. Vor allem junge Frauen waren betroffen. Sie produzierten haupts\u00e4chlich Kleidung f\u00fcr den Export. Zu den Modefirmen z\u00e4hlten Primark, Benetton, Mango, C&amp;A und auch deutsche Unternehmen wie KiK oder Adler beziehungsweise deren Zulieferer.&nbsp;War das Ungl\u00fcck wirklich ein Weckruf f\u00fcr die Textilindustrie? Wie sind die Bedingungen heute vor Ort besonders in Corona-Zeiten? Kann man nachhaltige Mode in Bangladesch produzieren?<\/p>\n\n\n\n<p>Die Journalistin und Gastgeberin dieser Folge Maria Osburg unterh\u00e4lt sich mit Max Gilgenmann, Vorsitzender von future fashion forward e.V. (Fashion Revolution Germany), Investigativ-Journalist Benedict Wermter und der brasilianischen Designerin Simone Simonato, die mit ihrem Label SICA nachhaltig in Bangladesch produziert.<\/p>\n\n\n\n<p>Redaktion: Carina Bischof, Maria Osburg<br>Produktion, Schnitt: Matteo Ciprandi, Friederike Bischoff, Zoe Irmschler,&nbsp; Angelina Probst<br>\u2013\u2013\u2013\u2013<\/p>\n\n\n\n<p><strong>Moderation:<\/strong>&nbsp;Maria Osburg<br><strong>G\u00e4ste:<\/strong><a href=\"https:\/\/www.torial.com\/benedict.wermter\">Benedict Wermter<\/a>&nbsp;(ab Min. 2:28),&nbsp;<a href=\"https:\/\/www.studiomm04.com\/\">Max Gilgenmann<\/a>&nbsp;(ab Min. 17:08), Simone Simonato (ab Min. 32:59)<\/p>\n\n\n\n<p><strong>Weiterf\u00fchrende Links:<\/strong><br><br>Hauptseite zur Recherche&nbsp;<a href=\"https:\/\/reflekt.ch\/im-stich-gelassen\/\">https:\/\/reflekt.ch\/im-stich-gelassen\/<\/a><br>Accord&nbsp;<a href=\"https:\/\/bangladeshaccord.org\/\">https:\/\/bangladeshaccord.org\/<\/a><br>Gr\u00fcner Knopf&nbsp;<a href=\"https:\/\/www.gruener-knopf.de\/\">https:\/\/www.gruener-knopf.de\/<\/a><br>Lieferkettengesetz&nbsp;<a href=\"https:\/\/www.bmz.de\/de\/entwicklungspolitik\/lieferkettengesetz\">https:\/\/www.bmz.de\/de\/entwicklungspolitik\/lieferkettengesetz<\/a><br>Berlin Fashion Week&nbsp;<a href=\"https:\/\/www.vogue.de\/mode\/artikel\/berlin-fashion-week-nachhaltigkeit-berlin-fashion-summit-2021\">https:\/\/www.vogue.de\/mode\/artikel\/berlin-fashion-week-nachhaltigkeit-berlin-fashion-summit-2021<\/a>,&nbsp;<a href=\"https:\/\/jnc-net.de\/news\/berlin-fashion-week-max-gilgenmann-und-ramona-pop\/\">https:\/\/jnc-net.de\/news\/berlin-fashion-week-max-gilgenmann-und-ramona-pop\/<\/a>,&nbsp;<a href=\"https:\/\/www.fr.de\/panorama\/diese-krise-kann-niemand-einfach-aussitzen-90175279.html\">https:\/\/www.fr.de\/panorama\/diese-krise-kann-niemand-einfach-aussitzen-90175279.html<\/a><br>Interview mit Simone Simonato und den Weberinnen und Handwerkern&nbsp;<a href=\"https:\/\/www.youtube.com\/c\/SICAupcyclingdesign\">https:\/\/www.youtube.com\/c\/SICAupcyclingdesign<\/a><\/p>","protected":false},"excerpt":{"rendered":"<p>P\u00fcnktlich zur Fashion Revolution Week 2021 legen wir unseren Podcast WE ARE FASHION REVOLUTION neu auf. In der ersten Folge zum Thema Made in Bangladesh \u2013 Wie nachhaltig ist die Textilindustrie 8 Jahre nach Rana Plaza? sprechen wir \u00fcber die Stunde Null der globalen Fair-Fashion-Revolution. P\u00fcnktlich zur Fashion Revolution Week 2021 legen wir unseren Podcast&nbsp;WE [&hellip;]<\/p>\n","protected":false},"author":2,"featured_media":369,"comment_status":"open","ping_status":"open","sticky":false,"template":"","format":"standard","meta":{"footnotes":""},"categories":[1],"tags":[],"class_list":["post-368","post","type-post","status-publish","format-standard","has-post-thumbnail","hentry","category-uncategorised"],"featured_image_src":"https:\/\/greece.fashionrevolution.org\/wp-content\/uploads\/sites\/25\/2021\/12\/WE-ARE-FASHION-REVOLUTION-1-e1642427447689.jpeg","author_info":{"display_name":"mylinh","author_link":"https:\/\/greece.fashionrevolution.org\/gr\/author\/mylinh\/"},"yoast_head":"<!-- This site is optimized with the Yoast SEO plugin v27.5 - https:\/\/yoast.com\/product\/yoast-seo-wordpress\/ -->\n<title>relaunch podcast: we are fashion revolution - Fashion Revolution Greece<\/title>\n<meta name=\"robots\" content=\"index, follow, max-snippet:-1, max-image-preview:large, max-video-preview:-1\" \/>\n<link rel=\"canonical\" href=\"https:\/\/greece.fashionrevolution.org\/gr\/2021\/04\/18\/relaunch-podcast-we-are-fashion-revolution\/\" \/>\n<meta property=\"og:locale\" content=\"el_GR\" \/>\n<meta property=\"og:type\" content=\"article\" \/>\n<meta property=\"og:title\" content=\"relaunch podcast: we are fashion revolution - Fashion Revolution Greece\" \/>\n<meta property=\"og:description\" content=\"P\u00fcnktlich zur Fashion Revolution Week 2021 legen wir unseren Podcast WE ARE FASHION REVOLUTION neu auf. In der ersten Folge zum Thema Made in Bangladesh \u2013 Wie nachhaltig ist die Textilindustrie 8 Jahre nach Rana Plaza? sprechen wir \u00fcber die Stunde Null der globalen Fair-Fashion-Revolution. P\u00fcnktlich zur Fashion Revolution Week 2021 legen wir unseren Podcast&nbsp;WE [&hellip;]\" \/>\n<meta property=\"og:url\" content=\"https:\/\/greece.fashionrevolution.org\/gr\/2021\/04\/18\/relaunch-podcast-we-are-fashion-revolution\/\" \/>\n<meta property=\"og:site_name\" content=\"Fashion Revolution Greece\" \/>\n<meta property=\"article:published_time\" content=\"2021-04-18T11:20:00+00:00\" \/>\n<meta property=\"article:modified_time\" content=\"2022-01-28T14:43:28+00:00\" \/>\n<meta property=\"og:image\" content=\"https:\/\/greece.fashionrevolution.org\/wp-content\/uploads\/sites\/25\/2021\/12\/WE-ARE-FASHION-REVOLUTION-1-e1642427447689.jpeg\" \/>\n\t<meta property=\"og:image:width\" content=\"326\" \/>\n\t<meta property=\"og:image:height\" content=\"326\" \/>\n\t<meta property=\"og:image:type\" content=\"image\/jpeg\" \/>\n<meta name=\"author\" content=\"mylinh\" \/>\n<meta name=\"twitter:card\" content=\"summary_large_image\" \/>\n<meta name=\"twitter:label1\" content=\"\u03a3\u03c5\u03bd\u03c4\u03ac\u03c7\u03b8\u03b7\u03ba\u03b5 \u03b1\u03c0\u03cc\" \/>\n\t<meta name=\"twitter:data1\" content=\"mylinh\" \/>\n\t<meta name=\"twitter:label2\" content=\"\u0395\u03ba\u03c4\u03b9\u03bc\u03ce\u03bc\u03b5\u03bd\u03bf\u03c2 \u03c7\u03c1\u03cc\u03bd\u03bf\u03c2 \u03b1\u03bd\u03ac\u03b3\u03bd\u03c9\u03c3\u03b7\u03c2\" \/>\n\t<meta name=\"twitter:data2\" content=\"2 \u03bb\u03b5\u03c0\u03c4\u03ac\" \/>\n<script type=\"application\/ld+json\" class=\"yoast-schema-graph\">{\"@context\":\"https:\\\/\\\/schema.org\",\"@graph\":[{\"@type\":\"Article\",\"@id\":\"https:\\\/\\\/greece.fashionrevolution.org\\\/en\\\/2021\\\/04\\\/18\\\/relaunch-podcast-we-are-fashion-revolution\\\/#article\",\"isPartOf\":{\"@id\":\"https:\\\/\\\/greece.fashionrevolution.org\\\/en\\\/2021\\\/04\\\/18\\\/relaunch-podcast-we-are-fashion-revolution\\\/\"},\"author\":{\"name\":\"mylinh\",\"@id\":\"https:\\\/\\\/greece.fashionrevolution.org\\\/#\\\/schema\\\/person\\\/bcee9f37a9d44d36610ebed40f7c4ee6\"},\"headline\":\"relaunch podcast: we are fashion revolution\",\"datePublished\":\"2021-04-18T11:20:00+00:00\",\"dateModified\":\"2022-01-28T14:43:28+00:00\",\"mainEntityOfPage\":{\"@id\":\"https:\\\/\\\/greece.fashionrevolution.org\\\/en\\\/2021\\\/04\\\/18\\\/relaunch-podcast-we-are-fashion-revolution\\\/\"},\"wordCount\":336,\"commentCount\":0,\"publisher\":{\"@id\":\"https:\\\/\\\/greece.fashionrevolution.org\\\/#organization\"},\"image\":{\"@id\":\"https:\\\/\\\/greece.fashionrevolution.org\\\/en\\\/2021\\\/04\\\/18\\\/relaunch-podcast-we-are-fashion-revolution\\\/#primaryimage\"},\"thumbnailUrl\":\"https:\\\/\\\/greece.fashionrevolution.org\\\/wp-content\\\/uploads\\\/sites\\\/25\\\/2021\\\/12\\\/WE-ARE-FASHION-REVOLUTION-1-e1642427447689.jpeg\",\"articleSection\":[\"Uncategorised\"],\"inLanguage\":\"el\",\"potentialAction\":[{\"@type\":\"CommentAction\",\"name\":\"Comment\",\"target\":[\"https:\\\/\\\/greece.fashionrevolution.org\\\/en\\\/2021\\\/04\\\/18\\\/relaunch-podcast-we-are-fashion-revolution\\\/#respond\"]}]},{\"@type\":\"WebPage\",\"@id\":\"https:\\\/\\\/greece.fashionrevolution.org\\\/en\\\/2021\\\/04\\\/18\\\/relaunch-podcast-we-are-fashion-revolution\\\/\",\"url\":\"https:\\\/\\\/greece.fashionrevolution.org\\\/en\\\/2021\\\/04\\\/18\\\/relaunch-podcast-we-are-fashion-revolution\\\/\",\"name\":\"relaunch podcast: we are fashion revolution - Fashion Revolution Greece\",\"isPartOf\":{\"@id\":\"https:\\\/\\\/greece.fashionrevolution.org\\\/#website\"},\"primaryImageOfPage\":{\"@id\":\"https:\\\/\\\/greece.fashionrevolution.org\\\/en\\\/2021\\\/04\\\/18\\\/relaunch-podcast-we-are-fashion-revolution\\\/#primaryimage\"},\"image\":{\"@id\":\"https:\\\/\\\/greece.fashionrevolution.org\\\/en\\\/2021\\\/04\\\/18\\\/relaunch-podcast-we-are-fashion-revolution\\\/#primaryimage\"},\"thumbnailUrl\":\"https:\\\/\\\/greece.fashionrevolution.org\\\/wp-content\\\/uploads\\\/sites\\\/25\\\/2021\\\/12\\\/WE-ARE-FASHION-REVOLUTION-1-e1642427447689.jpeg\",\"datePublished\":\"2021-04-18T11:20:00+00:00\",\"dateModified\":\"2022-01-28T14:43:28+00:00\",\"breadcrumb\":{\"@id\":\"https:\\\/\\\/greece.fashionrevolution.org\\\/en\\\/2021\\\/04\\\/18\\\/relaunch-podcast-we-are-fashion-revolution\\\/#breadcrumb\"},\"inLanguage\":\"el\",\"potentialAction\":[{\"@type\":\"ReadAction\",\"target\":[\"https:\\\/\\\/greece.fashionrevolution.org\\\/en\\\/2021\\\/04\\\/18\\\/relaunch-podcast-we-are-fashion-revolution\\\/\"]}]},{\"@type\":\"ImageObject\",\"inLanguage\":\"el\",\"@id\":\"https:\\\/\\\/greece.fashionrevolution.org\\\/en\\\/2021\\\/04\\\/18\\\/relaunch-podcast-we-are-fashion-revolution\\\/#primaryimage\",\"url\":\"https:\\\/\\\/greece.fashionrevolution.org\\\/wp-content\\\/uploads\\\/sites\\\/25\\\/2021\\\/12\\\/WE-ARE-FASHION-REVOLUTION-1-e1642427447689.jpeg\",\"contentUrl\":\"https:\\\/\\\/greece.fashionrevolution.org\\\/wp-content\\\/uploads\\\/sites\\\/25\\\/2021\\\/12\\\/WE-ARE-FASHION-REVOLUTION-1-e1642427447689.jpeg\",\"width\":326,\"height\":326},{\"@type\":\"BreadcrumbList\",\"@id\":\"https:\\\/\\\/greece.fashionrevolution.org\\\/en\\\/2021\\\/04\\\/18\\\/relaunch-podcast-we-are-fashion-revolution\\\/#breadcrumb\",\"itemListElement\":[{\"@type\":\"ListItem\",\"position\":1,\"name\":\"Home\",\"item\":\"https:\\\/\\\/greece.fashionrevolution.org\\\/\"},{\"@type\":\"ListItem\",\"position\":2,\"name\":\"relaunch podcast: we are fashion revolution\"}]},{\"@type\":\"WebSite\",\"@id\":\"https:\\\/\\\/greece.fashionrevolution.org\\\/#website\",\"url\":\"https:\\\/\\\/greece.fashionrevolution.org\\\/\",\"name\":\"Fashion Revolution Greece\",\"description\":\"Fashion Revolution Greece - How mades my clothes\",\"publisher\":{\"@id\":\"https:\\\/\\\/greece.fashionrevolution.org\\\/#organization\"},\"potentialAction\":[{\"@type\":\"SearchAction\",\"target\":{\"@type\":\"EntryPoint\",\"urlTemplate\":\"https:\\\/\\\/greece.fashionrevolution.org\\\/?s={search_term_string}\"},\"query-input\":{\"@type\":\"PropertyValueSpecification\",\"valueRequired\":true,\"valueName\":\"search_term_string\"}}],\"inLanguage\":\"el\"},{\"@type\":\"Organization\",\"@id\":\"https:\\\/\\\/greece.fashionrevolution.org\\\/#organization\",\"name\":\"Fashion Revolution Greece\",\"url\":\"https:\\\/\\\/greece.fashionrevolution.org\\\/\",\"logo\":{\"@type\":\"ImageObject\",\"inLanguage\":\"el\",\"@id\":\"https:\\\/\\\/greece.fashionrevolution.org\\\/#\\\/schema\\\/logo\\\/image\\\/\",\"url\":\"https:\\\/\\\/greece.fashionrevolution.org\\\/wp-content\\\/uploads\\\/sites\\\/25\\\/2023\\\/01\\\/cropped-Copy-of-LOGO-FRGr.png\",\"contentUrl\":\"https:\\\/\\\/greece.fashionrevolution.org\\\/wp-content\\\/uploads\\\/sites\\\/25\\\/2023\\\/01\\\/cropped-Copy-of-LOGO-FRGr.png\",\"width\":212,\"height\":212,\"caption\":\"Fashion Revolution Greece\"},\"image\":{\"@id\":\"https:\\\/\\\/greece.fashionrevolution.org\\\/#\\\/schema\\\/logo\\\/image\\\/\"}},{\"@type\":\"Person\",\"@id\":\"https:\\\/\\\/greece.fashionrevolution.org\\\/#\\\/schema\\\/person\\\/bcee9f37a9d44d36610ebed40f7c4ee6\",\"name\":\"mylinh\",\"image\":{\"@type\":\"ImageObject\",\"inLanguage\":\"el\",\"@id\":\"https:\\\/\\\/secure.gravatar.com\\\/avatar\\\/c39ab718571fa6d2c96b9a45eac5841de6f5629c46d69a3e975bcfcb9c727fe4?s=96&d=mm&r=g\",\"url\":\"https:\\\/\\\/secure.gravatar.com\\\/avatar\\\/c39ab718571fa6d2c96b9a45eac5841de6f5629c46d69a3e975bcfcb9c727fe4?s=96&d=mm&r=g\",\"contentUrl\":\"https:\\\/\\\/secure.gravatar.com\\\/avatar\\\/c39ab718571fa6d2c96b9a45eac5841de6f5629c46d69a3e975bcfcb9c727fe4?s=96&d=mm&r=g\",\"caption\":\"mylinh\"},\"url\":\"https:\\\/\\\/greece.fashionrevolution.org\\\/gr\\\/author\\\/mylinh\\\/\"}]}<\/script>\n<!-- \/ Yoast SEO plugin. -->","yoast_head_json":{"title":"relaunch podcast: we are fashion revolution - Fashion Revolution Greece","robots":{"index":"index","follow":"follow","max-snippet":"max-snippet:-1","max-image-preview":"max-image-preview:large","max-video-preview":"max-video-preview:-1"},"canonical":"https:\/\/greece.fashionrevolution.org\/gr\/2021\/04\/18\/relaunch-podcast-we-are-fashion-revolution\/","og_locale":"el_GR","og_type":"article","og_title":"relaunch podcast: we are fashion revolution - Fashion Revolution Greece","og_description":"P\u00fcnktlich zur Fashion Revolution Week 2021 legen wir unseren Podcast WE ARE FASHION REVOLUTION neu auf. In der ersten Folge zum Thema Made in Bangladesh \u2013 Wie nachhaltig ist die Textilindustrie 8 Jahre nach Rana Plaza? sprechen wir \u00fcber die Stunde Null der globalen Fair-Fashion-Revolution. P\u00fcnktlich zur Fashion Revolution Week 2021 legen wir unseren Podcast&nbsp;WE [&hellip;]","og_url":"https:\/\/greece.fashionrevolution.org\/gr\/2021\/04\/18\/relaunch-podcast-we-are-fashion-revolution\/","og_site_name":"Fashion Revolution Greece","article_published_time":"2021-04-18T11:20:00+00:00","article_modified_time":"2022-01-28T14:43:28+00:00","og_image":[{"width":326,"height":326,"url":"https:\/\/greece.fashionrevolution.org\/wp-content\/uploads\/sites\/25\/2021\/12\/WE-ARE-FASHION-REVOLUTION-1-e1642427447689.jpeg","type":"image\/jpeg"}],"author":"mylinh","twitter_card":"summary_large_image","twitter_misc":{"\u03a3\u03c5\u03bd\u03c4\u03ac\u03c7\u03b8\u03b7\u03ba\u03b5 \u03b1\u03c0\u03cc":"mylinh","\u0395\u03ba\u03c4\u03b9\u03bc\u03ce\u03bc\u03b5\u03bd\u03bf\u03c2 \u03c7\u03c1\u03cc\u03bd\u03bf\u03c2 \u03b1\u03bd\u03ac\u03b3\u03bd\u03c9\u03c3\u03b7\u03c2":"2 \u03bb\u03b5\u03c0\u03c4\u03ac"},"schema":{"@context":"https:\/\/schema.org","@graph":[{"@type":"Article","@id":"https:\/\/greece.fashionrevolution.org\/en\/2021\/04\/18\/relaunch-podcast-we-are-fashion-revolution\/#article","isPartOf":{"@id":"https:\/\/greece.fashionrevolution.org\/en\/2021\/04\/18\/relaunch-podcast-we-are-fashion-revolution\/"},"author":{"name":"mylinh","@id":"https:\/\/greece.fashionrevolution.org\/#\/schema\/person\/bcee9f37a9d44d36610ebed40f7c4ee6"},"headline":"relaunch podcast: we are fashion revolution","datePublished":"2021-04-18T11:20:00+00:00","dateModified":"2022-01-28T14:43:28+00:00","mainEntityOfPage":{"@id":"https:\/\/greece.fashionrevolution.org\/en\/2021\/04\/18\/relaunch-podcast-we-are-fashion-revolution\/"},"wordCount":336,"commentCount":0,"publisher":{"@id":"https:\/\/greece.fashionrevolution.org\/#organization"},"image":{"@id":"https:\/\/greece.fashionrevolution.org\/en\/2021\/04\/18\/relaunch-podcast-we-are-fashion-revolution\/#primaryimage"},"thumbnailUrl":"https:\/\/greece.fashionrevolution.org\/wp-content\/uploads\/sites\/25\/2021\/12\/WE-ARE-FASHION-REVOLUTION-1-e1642427447689.jpeg","articleSection":["Uncategorised"],"inLanguage":"el","potentialAction":[{"@type":"CommentAction","name":"Comment","target":["https:\/\/greece.fashionrevolution.org\/en\/2021\/04\/18\/relaunch-podcast-we-are-fashion-revolution\/#respond"]}]},{"@type":"WebPage","@id":"https:\/\/greece.fashionrevolution.org\/en\/2021\/04\/18\/relaunch-podcast-we-are-fashion-revolution\/","url":"https:\/\/greece.fashionrevolution.org\/en\/2021\/04\/18\/relaunch-podcast-we-are-fashion-revolution\/","name":"relaunch podcast: we are fashion revolution - Fashion Revolution Greece","isPartOf":{"@id":"https:\/\/greece.fashionrevolution.org\/#website"},"primaryImageOfPage":{"@id":"https:\/\/greece.fashionrevolution.org\/en\/2021\/04\/18\/relaunch-podcast-we-are-fashion-revolution\/#primaryimage"},"image":{"@id":"https:\/\/greece.fashionrevolution.org\/en\/2021\/04\/18\/relaunch-podcast-we-are-fashion-revolution\/#primaryimage"},"thumbnailUrl":"https:\/\/greece.fashionrevolution.org\/wp-content\/uploads\/sites\/25\/2021\/12\/WE-ARE-FASHION-REVOLUTION-1-e1642427447689.jpeg","datePublished":"2021-04-18T11:20:00+00:00","dateModified":"2022-01-28T14:43:28+00:00","breadcrumb":{"@id":"https:\/\/greece.fashionrevolution.org\/en\/2021\/04\/18\/relaunch-podcast-we-are-fashion-revolution\/#breadcrumb"},"inLanguage":"el","potentialAction":[{"@type":"ReadAction","target":["https:\/\/greece.fashionrevolution.org\/en\/2021\/04\/18\/relaunch-podcast-we-are-fashion-revolution\/"]}]},{"@type":"ImageObject","inLanguage":"el","@id":"https:\/\/greece.fashionrevolution.org\/en\/2021\/04\/18\/relaunch-podcast-we-are-fashion-revolution\/#primaryimage","url":"https:\/\/greece.fashionrevolution.org\/wp-content\/uploads\/sites\/25\/2021\/12\/WE-ARE-FASHION-REVOLUTION-1-e1642427447689.jpeg","contentUrl":"https:\/\/greece.fashionrevolution.org\/wp-content\/uploads\/sites\/25\/2021\/12\/WE-ARE-FASHION-REVOLUTION-1-e1642427447689.jpeg","width":326,"height":326},{"@type":"BreadcrumbList","@id":"https:\/\/greece.fashionrevolution.org\/en\/2021\/04\/18\/relaunch-podcast-we-are-fashion-revolution\/#breadcrumb","itemListElement":[{"@type":"ListItem","position":1,"name":"Home","item":"https:\/\/greece.fashionrevolution.org\/"},{"@type":"ListItem","position":2,"name":"relaunch podcast: we are fashion revolution"}]},{"@type":"WebSite","@id":"https:\/\/greece.fashionrevolution.org\/#website","url":"https:\/\/greece.fashionrevolution.org\/","name":"Fashion Revolution Greece","description":"Fashion Revolution Greece - How mades my clothes","publisher":{"@id":"https:\/\/greece.fashionrevolution.org\/#organization"},"potentialAction":[{"@type":"SearchAction","target":{"@type":"EntryPoint","urlTemplate":"https:\/\/greece.fashionrevolution.org\/?s={search_term_string}"},"query-input":{"@type":"PropertyValueSpecification","valueRequired":true,"valueName":"search_term_string"}}],"inLanguage":"el"},{"@type":"Organization","@id":"https:\/\/greece.fashionrevolution.org\/#organization","name":"Fashion Revolution Greece","url":"https:\/\/greece.fashionrevolution.org\/","logo":{"@type":"ImageObject","inLanguage":"el","@id":"https:\/\/greece.fashionrevolution.org\/#\/schema\/logo\/image\/","url":"https:\/\/greece.fashionrevolution.org\/wp-content\/uploads\/sites\/25\/2023\/01\/cropped-Copy-of-LOGO-FRGr.png","contentUrl":"https:\/\/greece.fashionrevolution.org\/wp-content\/uploads\/sites\/25\/2023\/01\/cropped-Copy-of-LOGO-FRGr.png","width":212,"height":212,"caption":"Fashion Revolution Greece"},"image":{"@id":"https:\/\/greece.fashionrevolution.org\/#\/schema\/logo\/image\/"}},{"@type":"Person","@id":"https:\/\/greece.fashionrevolution.org\/#\/schema\/person\/bcee9f37a9d44d36610ebed40f7c4ee6","name":"mylinh","image":{"@type":"ImageObject","inLanguage":"el","@id":"https:\/\/secure.gravatar.com\/avatar\/c39ab718571fa6d2c96b9a45eac5841de6f5629c46d69a3e975bcfcb9c727fe4?s=96&d=mm&r=g","url":"https:\/\/secure.gravatar.com\/avatar\/c39ab718571fa6d2c96b9a45eac5841de6f5629c46d69a3e975bcfcb9c727fe4?s=96&d=mm&r=g","contentUrl":"https:\/\/secure.gravatar.com\/avatar\/c39ab718571fa6d2c96b9a45eac5841de6f5629c46d69a3e975bcfcb9c727fe4?s=96&d=mm&r=g","caption":"mylinh"},"url":"https:\/\/greece.fashionrevolution.org\/gr\/author\/mylinh\/"}]}},"_links":{"self":[{"href":"https:\/\/greece.fashionrevolution.org\/gr\/wp-json\/wp\/v2\/posts\/368","targetHints":{"allow":["GET"]}}],"collection":[{"href":"https:\/\/greece.fashionrevolution.org\/gr\/wp-json\/wp\/v2\/posts"}],"about":[{"href":"https:\/\/greece.fashionrevolution.org\/gr\/wp-json\/wp\/v2\/types\/post"}],"author":[{"embeddable":true,"href":"https:\/\/greece.fashionrevolution.org\/gr\/wp-json\/wp\/v2\/users\/2"}],"replies":[{"embeddable":true,"href":"https:\/\/greece.fashionrevolution.org\/gr\/wp-json\/wp\/v2\/comments?post=368"}],"version-history":[{"count":10,"href":"https:\/\/greece.fashionrevolution.org\/gr\/wp-json\/wp\/v2\/posts\/368\/revisions"}],"predecessor-version":[{"id":525,"href":"https:\/\/greece.fashionrevolution.org\/gr\/wp-json\/wp\/v2\/posts\/368\/revisions\/525"}],"wp:featuredmedia":[{"embeddable":true,"href":"https:\/\/greece.fashionrevolution.org\/gr\/wp-json\/wp\/v2\/media\/369"}],"wp:attachment":[{"href":"https:\/\/greece.fashionrevolution.org\/gr\/wp-json\/wp\/v2\/media?parent=368"}],"wp:term":[{"taxonomy":"category","embeddable":true,"href":"https:\/\/greece.fashionrevolution.org\/gr\/wp-json\/wp\/v2\/categories?post=368"},{"taxonomy":"post_tag","embeddable":true,"href":"https:\/\/greece.fashionrevolution.org\/gr\/wp-json\/wp\/v2\/tags?post=368"}],"curies":[{"name":"wp","href":"https:\/\/api.w.org\/{rel}","templated":true}]}}